{"id":9529,"date":"2022-01-22T10:08:00","date_gmt":"2022-01-22T10:08:00","guid":{"rendered":"https:\/\/www.autistici.org\/poderobrero\/?p=9529"},"modified":"2021-12-31T20:15:47","modified_gmt":"2021-12-31T20:15:47","slug":"con-stalin","status":"publish","type":"post","link":"https:\/\/www.autistici.org\/poderobrero\/libros\/con-stalin","title":{"rendered":"Con Stalin"},"content":{"rendered":"<p><a href=\"https:\/\/4.bp.blogspot.com\/-E_tvxFiHyL8\/T0KGIlixmEI\/AAAAAAAAAaY\/qOf3a2zxvTU\/s1600\/Stalin+eta+Hoxha.jpg\"><img loading=\"lazy\" decoding=\"async\" class=\"alignleft\" src=\"https:\/\/4.bp.blogspot.com\/-E_tvxFiHyL8\/T0KGIlixmEI\/AAAAAAAAAaY\/qOf3a2zxvTU\/s200\/Stalin+eta+Hoxha.jpg\" width=\"200\" height=\"134\" border=\"0\" \/><\/a>Memorias de Enver Hoxha sobre sus encuentros personales con Stalin. Se abordan temas variados destac\u00e1ndose las medidas contra las acciones del imperialismo angloamericano, el apoyo y los debates ante la revoluci\u00f3n griega, la traici\u00f3n de Tito, las campa\u00f1as de terror sobre los albaneses de K\u00f3sovo, la colectivizaci\u00f3n e industrializaci\u00f3n de Albania, el papel del partido y de los comisarios pol\u00edticos, la actitud ante la religi\u00f3n y el clero, entre otros, donde siempre Enver Hoxha recuerda los consejos y opiniones de Stalin como gu\u00eda de los comunistas albaneses y la fraternal y humilde actitud con la que Stalin se abocaba a los problemas del pueblo alban\u00e9s sin importar que se tratara de un peque\u00f1o pa\u00eds.<\/p>\n","protected":false},"excerpt":{"rendered":"<p>Memorias de Enver Hoxha sobre sus encuentros personales con Stalin. Se abordan temas variados destac\u00e1ndose las medidas contra las acciones del imperialismo angloamericano, el apoyo y los debates ante la revoluci\u00f3n griega, la traici\u00f3n de Tito, las campa\u00f1as de terror sobre los albaneses de K\u00f3sovo, la colectivizaci\u00f3n e industrializaci\u00f3n de Albania, el papel del partido &hellip; <a href=\"https:\/\/www.autistici.org\/poderobrero\/libros\/con-stalin\" class=\"more-link\">Continuar leyendo<span class=\"screen-reader-text\"> \u00abCon Stalin\u00bb<\/span><\/a><\/p>\n","protected":false},"author":1,"featured_media":0,"comment_status":"closed","ping_status":"open","sticky":false,"template":"","format":"standard","meta":{"footnotes":""},"categories":[43],"tags":[372,74,257,68,306,14,234],"_links":{"self":[{"href":"https:\/\/www.autistici.org\/poderobrero\/wp-json\/wp\/v2\/posts\/9529"}],"collection":[{"href":"https:\/\/www.autistici.org\/poderobrero\/wp-json\/wp\/v2\/posts"}],"about":[{"href":"https:\/\/www.autistici.org\/poderobrero\/wp-json\/wp\/v2\/types\/post"}],"author":[{"embeddable":true,"href":"https:\/\/www.autistici.org\/poderobrero\/wp-json\/wp\/v2\/users\/1"}],"replies":[{"embeddable":true,"href":"https:\/\/www.autistici.org\/poderobrero\/wp-json\/wp\/v2\/comments?post=9529"}],"version-history":[{"count":0,"href":"https:\/\/www.autistici.org\/poderobrero\/wp-json\/wp\/v2\/posts\/9529\/revisions"}],"wp:attachment":[{"href":"https:\/\/www.autistici.org\/poderobrero\/wp-json\/wp\/v2\/media?parent=9529"}],"wp:term":[{"taxonomy":"category","embeddable":true,"href":"https:\/\/www.autistici.org\/poderobrero\/wp-json\/wp\/v2\/categories?post=9529"},{"taxonomy":"post_tag","embeddable":true,"href":"https:\/\/www.autistici.org\/poderobrero\/wp-json\/wp\/v2\/tags?post=9529"}],"curies":[{"name":"wp","href":"https:\/\/api.w.org\/{rel}","templated":true}]}}